{"id":158,"date":"2018-07-24T14:09:38","date_gmt":"2018-07-24T12:09:38","guid":{"rendered":"https:\/\/blogs.leonoticias.com\/cartasaldirector\/?p=158"},"modified":"2018-07-24T14:09:38","modified_gmt":"2018-07-24T12:09:38","slug":"inseguridad-en-la-vuelta-a-leon","status":"publish","type":"post","link":"https:\/\/blogs.leonoticias.com\/cartasaldirector\/2018\/07\/24\/inseguridad-en-la-vuelta-a-leon\/","title":{"rendered":"Inseguridad en la vuelta  a Le\u00f3n"},"content":{"rendered":"<p>Por Rodrigo Cuesta Garc\u00eda<\/p>\n<p>Inseguridad en la vuelta a Le\u00f3n<\/p>\n<p>Faltan conos a la salida de las curvas. Los ciclistas apuran al m\u00e1ximo y algunos se pasan brevemente al otro carril para no frenar m\u00e1s. Por el otro carril viene a tal tiempo una moto de la guardia civil y se pasan rozando&#8230; Peligro de accidente mortal para el ciclista. La gente no les ve. Los ciclistas no ven a la gente. Los de protecci\u00f3n civil no ven a los ciclistas si no van con moto, dejan a la gente cruzar y en la subdelegaci\u00f3n del gobierno un ciclista grita para no atropellar a una se\u00f1ora que cruza delante de los morros del miembro de protecci\u00f3n civil y del de se\u00f1alizaci\u00f3n&#8230; La guardia civil no activa las bocinas, as\u00ed que se solo se les ve, no se les oye. La gente no sabe por qu\u00e9 est\u00e1 cortada la calle, algunos parece que piensan que la est\u00e1n pintando, y cruzan tranquilamente&#8230; Sin darse cuenta que en un abrir y cerrar de ojos tienen encima moto y ciclista&#8230; No hay coches con los ciclistas. \u00bfD\u00f3nde est\u00e1n los fabricantes de coches y la publicidad&#8230;.? Hubiera sido necesario un coche bien equipado de iluminaci\u00f3n detr\u00e1s de cada ciclista. Como no hay coches no hay ruido, no hay tr\u00e1fico, y la gente sigue cruzando&#8230; Hay guardias civiles que van detr\u00e1s de los ciclistas, acelerando para pillarles&#8230; Parece que el ciclista abre camino al motorista. Mucha distancia entre moto y ciclista, tanta que a veces la gente cruza&#8230; Y otras veces el ciclista tiene que frenar para no trazar contra la moto&#8230;<br \/>\nUna imperdonable imprudencia de la organizaci\u00f3n y unos deportistas y paseantes de la noche de verano leonesa que arriesgaron su vida sin saberlo.<br \/>\n&nbsp;<\/p>\n<p>Rodrigo Cuesta Garc\u00eda<\/p>\n<p>&nbsp;<\/p>\n<!-- AddThis Advanced Settings generic via filter on the_content --><!-- AddThis Share Buttons generic via filter on the_content -->","protected":false},"excerpt":{"rendered":"<p>Por Rodrigo Cuesta Garc\u00eda Inseguridad en la vuelta a Le\u00f3n Faltan conos a la salida de las curvas. Los ciclistas apuran al m\u00e1ximo y algunos se pasan brevemente al otro carril para no frenar m\u00e1s. Por el otro carril viene a tal tiempo una moto de la guardia civil y se pasan rozando&#8230; Peligro de [&hellip;]<!-- AddThis Advanced Settings generic via filter on get_the_excerpt --><!-- AddThis Share Buttons generic via filter on get_the_excerpt --><\/p>\n","protected":false},"author":5,"featured_media":0,"comment_status":"open","ping_status":"closed","sticky":false,"template":"","format":"standard","meta":[],"categories":[2],"tags":[4],"_links":{"self":[{"href":"https:\/\/blogs.leonoticias.com\/cartasaldirector\/wp-json\/wp\/v2\/posts\/158"}],"collection":[{"href":"https:\/\/blogs.leonoticias.com\/cartasaldirector\/wp-json\/wp\/v2\/posts"}],"about":[{"href":"https:\/\/blogs.leonoticias.com\/cartasaldirector\/wp-json\/wp\/v2\/types\/post"}],"author":[{"embeddable":true,"href":"https:\/\/blogs.leonoticias.com\/cartasaldirector\/wp-json\/wp\/v2\/users\/5"}],"replies":[{"embeddable":true,"href":"https:\/\/blogs.leonoticias.com\/cartasaldirector\/wp-json\/wp\/v2\/comments?post=158"}],"version-history":[{"count":1,"href":"https:\/\/blogs.leonoticias.com\/cartasaldirector\/wp-json\/wp\/v2\/posts\/158\/revisions"}],"predecessor-version":[{"id":159,"href":"https:\/\/blogs.leonoticias.com\/cartasaldirector\/wp-json\/wp\/v2\/posts\/158\/revisions\/159"}],"wp:attachment":[{"href":"https:\/\/blogs.leonoticias.com\/cartasaldirector\/wp-json\/wp\/v2\/media?parent=158"}],"wp:term":[{"taxonomy":"category","embeddable":true,"href":"https:\/\/blogs.leonoticias.com\/cartasaldirector\/wp-json\/wp\/v2\/categories?post=158"},{"taxonomy":"post_tag","embeddable":true,"href":"https:\/\/blogs.leonoticias.com\/cartasaldirector\/wp-json\/wp\/v2\/tags?post=158"}],"curies":[{"name":"wp","href":"https:\/\/api.w.org\/{rel}","templated":true}]}}