{"id":8,"date":"2016-04-24T17:16:16","date_gmt":"2016-04-24T15:16:16","guid":{"rendered":"http:\/\/blogs.leonoticias.com\/lasparedeshablan\/?p=8"},"modified":"2018-08-08T11:56:02","modified_gmt":"2018-08-08T09:56:02","slug":"los-culpables-de-la-crisis-viajan-en-yate-no-en-patera","status":"publish","type":"post","link":"https:\/\/blogs.leonoticias.com\/lasparedeshablan\/2016\/04\/24\/los-culpables-de-la-crisis-viajan-en-yate-no-en-patera\/","title":{"rendered":"Los culpables de la crisis viajan en yate, no en patera"},"content":{"rendered":"<p><a href=\"\/lasparedeshablan\/wp-content\/uploads\/sites\/7\/2016\/04\/3-LOS-CULPABLES-DE-LA-CRISIS-VIAJAN-EN-YATE.jpg\"><img loading=\"lazy\" class=\"alignnone size-full wp-image-9\" title=\"3 LOS CULPABLES DE LA CRISIS VIAJAN EN YATE\" src=\"\/lasparedeshablan\/wp-content\/uploads\/sites\/7\/2016\/04\/3-LOS-CULPABLES-DE-LA-CRISIS-VIAJAN-EN-YATE.jpg\" alt=\"\" width=\"640\" height=\"480\" srcset=\"https:\/\/static-blogs.leonoticias.com\/wp-content\/uploads\/sites\/7\/2016\/04\/3-LOS-CULPABLES-DE-LA-CRISIS-VIAJAN-EN-YATE.jpg 640w, https:\/\/static-blogs.leonoticias.com\/wp-content\/uploads\/sites\/7\/2016\/04\/3-LOS-CULPABLES-DE-LA-CRISIS-VIAJAN-EN-YATE-300x225.jpg 300w\" sizes=\"(max-width: 640px) 100vw, 640px\" \/><\/a><\/p>\n<p>Un servidor ni ha viajado en yate ni en patera, creo que al igual que la inmensa mayor\u00eda de las personas y peatones que compartimos este territorio, pa\u00eds, naci\u00f3n, patria, reino o estado (tenemos t\u00e9rminos para todos los gustos).<br \/>\nEntonces&#8230; \u00bfQui\u00e9n es el culpable? Me temo que es una de esas preguntas sin respuesta o con demasiadas respuestas. Cada uno tiene su culpable, seg\u00fan el calidoscopio con el que se mire y seg\u00fan nos haya influido personalmente la crisis.<\/p>\n<p>Para unos son los pol\u00edticos en general y nuestro paisano Zapatero en particular. Sigui\u00f3 pagando el cheque beb\u00e9 y no s\u00e9 cu\u00e1ntos gastos sociales cuando el pap\u00e1 Estado ya ni ten\u00eda para pa\u00f1ales. No supo ver \u201cla que se avecina\u201d. En cualquier caso, una persona sola, aunque sea el Presidente no puede ni debe ser el \u00fanico culpable aunque lo hayamos convertido en el malo de la pel\u00edcula. Eso va con el cargo.<\/p>\n<p>Por otro lado, podemos buscar otro culpable: la banca. Tan s\u00f3lo tenemos que echar la mirada seis a\u00f1os atr\u00e1s para recordar c\u00f3mo esos se\u00f1ores banqueros con corbata te buscaban con o sin los 15 puntos del carnet para ofrecerte la mejor oferta posible e imposible de rechazar: dinerito \u201clow coast\u201d para gastar m\u00e1s que para comprar. Y f\u00e1cil de devolver aunque ahora muchas familias le resulta imposible. \u00a1Con lo complicado que lo vemos ahora todo, que sencillo parec\u00eda entonces!<\/p>\n<p>Pero no es menos cierto, que parte de la sociedad, ve en los inmigrantes venidos de decenas de pa\u00edses a procurarse una vida que en sus pa\u00edses de origen ni siquiera podr\u00edan imaginarse, los culpables de nuestros actuales males econ\u00f3micos. Cuando hab\u00eda trabajo para todo el que quer\u00eda trabajar porque hab\u00eda dinero para todo el que lo ped\u00eda, nos sent\u00edamos solidarios de poder acogerlos entre nosotros. Trabajaban donde nosotros ya no quer\u00edamos trabajar, y pagaban la seguridad social como cualquier espa\u00f1ol que siente la sangre del El Cid correr por sus venas y adem\u00e1s ten\u00eda muchos hijos que ser\u00edan nacionales y que en un futuro sustentar\u00edan un sistema social imposible de sostener con las aportaciones \u00fanicas de los \u201ccristianos viejos\u201d. En la actualidad, las cosas han cambiado y se ve al inmigrante m\u00e1s como un problema que como una soluci\u00f3n.<\/p>\n<p>Est\u00e1 claro, que cuando hay, hay para todos, pero cuando escasea s\u00f3lo hay para nosotros. Es la condici\u00f3n humana: \u201clo m\u00edo es m\u00edo y lo tuyo es nuestro\u201d.<\/p>\n<p>Afortuna o desafortunadamente nos quieren convencer que ya estamos saliendo de la crisis. Deseamos que sea cierto. Am\u00e9n a los datos macroecon\u00f3micos que advierten que en un par de a\u00f1os volveremos a un estado de bienestar medio y podremos gastar a manos llenas lo que tenemos y lo que no tenemos para despu\u00e9s volver a sufrir otra crisis y as\u00ed hasta que la muerte nos separe. Pero tranquilos, podremos seguir viendo la paja en el ojo ajeno y nos sentiremos siempre inocentes porque ni hemos viajado en yate ni en patera. Los culpables son los dem\u00e1s.<br \/>\n<iframe loading=\"lazy\" src=\"https:\/\/maps.google.es\/maps?f=q&amp;source=s_q&amp;hl=es&amp;geocode=&amp;q=calle+reino+de+leon+leon&amp;aq=&amp;sll=42.60455,-5.579059&amp;sspn=0.076947,0.169086&amp;vpsrc=0&amp;t=h&amp;ie=UTF8&amp;hq=&amp;hnear=Av+Reino+de+Le%C3%B3n,+24006+Le%C3%B3n&amp;ll=42.593724,-5.564525&amp;spn=0.00962,0.021136&amp;z=14&amp;layer=c&amp;cbll=42.593416,-5.564346&amp;panoid=fGU14ZiYGzl-upY6Idlz3w&amp;cbp=13,124.9,,0,3.93&amp;output=svembed\" width=\"562\" height=\"314\" frameborder=\"0\" marginwidth=\"0\" marginheight=\"0\" scrolling=\"no\"><\/iframe><br \/>\n<small><a id=\"cbembedlink\" style=\"color: #0000ff; text-align: left;\" href=\"https:\/\/maps.google.es\/maps?f=q&amp;source=embed&amp;hl=es&amp;geocode=&amp;q=calle+reino+de+leon+leon&amp;aq=&amp;sll=42.60455,-5.579059&amp;sspn=0.076947,0.169086&amp;vpsrc=0&amp;t=h&amp;ie=UTF8&amp;hq=&amp;hnear=Av+Reino+de+Le%C3%B3n,+24006+Le%C3%B3n&amp;ll=42.593724,-5.564525&amp;spn=0.00962,0.021136&amp;z=14&amp;layer=c&amp;cbll=42.593416,-5.564346&amp;panoid=fGU14ZiYGzl-upY6Idlz3w&amp;cbp=12,124.9,,0,3.93\" rel=\"external nofollow\">Ver mapa m\u00e1s grande<\/a><\/small><\/p>\n<!-- AddThis Advanced Settings generic via filter on the_content --><!-- AddThis Share Buttons generic via filter on the_content -->","protected":false},"excerpt":{"rendered":"<p>Un servidor ni ha viajado en yate ni en patera, creo que al igual que la inmensa mayor\u00eda de las personas y peatones que compartimos este territorio, pa\u00eds, naci\u00f3n, patria, reino o estado (tenemos t\u00e9rminos para todos los gustos). Entonces&#8230; \u00bfQui\u00e9n es el culpable? Me temo que es una de esas preguntas sin respuesta o [&hellip;]<!-- AddThis Advanced Settings generic via filter on get_the_excerpt --><!-- AddThis Share Buttons generic via filter on get_the_excerpt --><\/p>\n","protected":false},"author":11,"featured_media":0,"comment_status":"open","ping_status":"closed","sticky":false,"template":"","format":"standard","meta":[],"categories":[2],"tags":[4,5],"_links":{"self":[{"href":"https:\/\/blogs.leonoticias.com\/lasparedeshablan\/wp-json\/wp\/v2\/posts\/8"}],"collection":[{"href":"https:\/\/blogs.leonoticias.com\/lasparedeshablan\/wp-json\/wp\/v2\/posts"}],"about":[{"href":"https:\/\/blogs.leonoticias.com\/lasparedeshablan\/wp-json\/wp\/v2\/types\/post"}],"author":[{"embeddable":true,"href":"https:\/\/blogs.leonoticias.com\/lasparedeshablan\/wp-json\/wp\/v2\/users\/11"}],"replies":[{"embeddable":true,"href":"https:\/\/blogs.leonoticias.com\/lasparedeshablan\/wp-json\/wp\/v2\/comments?post=8"}],"version-history":[{"count":1,"href":"https:\/\/blogs.leonoticias.com\/lasparedeshablan\/wp-json\/wp\/v2\/posts\/8\/revisions"}],"predecessor-version":[{"id":33,"href":"https:\/\/blogs.leonoticias.com\/lasparedeshablan\/wp-json\/wp\/v2\/posts\/8\/revisions\/33"}],"wp:attachment":[{"href":"https:\/\/blogs.leonoticias.com\/lasparedeshablan\/wp-json\/wp\/v2\/media?parent=8"}],"wp:term":[{"taxonomy":"category","embeddable":true,"href":"https:\/\/blogs.leonoticias.com\/lasparedeshablan\/wp-json\/wp\/v2\/categories?post=8"},{"taxonomy":"post_tag","embeddable":true,"href":"https:\/\/blogs.leonoticias.com\/lasparedeshablan\/wp-json\/wp\/v2\/tags?post=8"}],"curies":[{"name":"wp","href":"https:\/\/api.w.org\/{rel}","templated":true}]}}