{"id":34,"date":"2016-04-16T13:03:08","date_gmt":"2016-04-16T11:03:08","guid":{"rendered":"http:\/\/blogs.leonoticias.com\/vaevictis\/?p=34"},"modified":"2016-04-16T13:03:08","modified_gmt":"2016-04-16T11:03:08","slug":"de-charco-en-charco","status":"publish","type":"post","link":"https:\/\/blogs.leonoticias.com\/vaevictis\/2016\/04\/16\/de-charco-en-charco\/","title":{"rendered":"De charco en charco"},"content":{"rendered":"<p><a href=\"\/vaevictis\/wp-content\/uploads\/sites\/5\/2016\/04\/soria-e1460804388977.jpg\"><img loading=\"lazy\" class=\"aligncenter size-full wp-image-35\" title=\"soria\" src=\"\/vaevictis\/wp-content\/uploads\/sites\/5\/2016\/04\/soria-e1460804388977.jpg\" alt=\"\" width=\"600\" height=\"275\" srcset=\"https:\/\/static-blogs.leonoticias.com\/wp-content\/uploads\/sites\/5\/2016\/04\/soria-e1460804388977.jpg 600w, https:\/\/static-blogs.leonoticias.com\/wp-content\/uploads\/sites\/5\/2016\/04\/soria-e1460804388977-300x138.jpg 300w\" sizes=\"(max-width: 600px) 100vw, 600px\" \/><\/a><\/p>\n<p>&nbsp;<\/p>\n<p>Al final va a resultar que le voy tener que votar al PP m\u00e1s por pena que por afinidad. Cuando ya parec\u00eda que ten\u00edan amortiguado el caso de Rita Barbera, va el ex ministro Soria y remueve de nuevo las turbias aguas de la corrupci\u00f3n en las que parecen haberse ba\u00f1ado la mitad de los cargos del PP. -Esto no lo digo yo, lo dicen las hemerotecas-. Hasta \u00a0tres versiones diferentes, en cuatro d\u00edas, ha dado el se\u00f1or Soria sobre su participaci\u00f3n en empresas familiares ubicadas en para\u00edsos fiscales: una tuvo junto a su padre y otra junto a su hermano. La primera en Panam\u00e1, la segunda en Jersey. Si ya me cost\u00f3 Dios y ayuda entender en su d\u00eda el despido en diferido del se\u00f1or B\u00e1rcenas, ni les cuento lo que me est\u00e1 costando entender el culebr\u00f3n venezolano que nos est\u00e1 contando Soria. Yo no digo que lo mejor hubiera sido que le echase la culpa a su hermano, como acaba de hacer Pedro Almod\u00f3var, pero negar su implicaci\u00f3n tres veces para luego terminar pidiendo la dimisi\u00f3n\u2026 Por cierto, \u00bfc\u00f3mo se le puede cesar a alguien que ya est\u00e1 despedido?: Mediante el Real Decreto 1168\/2015 publicado en el BOE el 21 de diciembre se declar\u00f3 el cese de todos los miembros del Gobierno, quedando s\u00f3lo en funciones. Hace cuatro meses que le cesaron, se\u00f1or Soria, \u00bfde qu\u00e9 puesto dice que ha dimitido?<\/p>\n<!-- AddThis Advanced Settings generic via filter on the_content --><!-- AddThis Share Buttons generic via filter on the_content -->","protected":false},"excerpt":{"rendered":"<p>&nbsp; Al final va a resultar que le voy tener que votar al PP m\u00e1s por pena que por afinidad. Cuando ya parec\u00eda que ten\u00edan amortiguado el caso de Rita Barbera, va el ex ministro Soria y remueve de nuevo las turbias aguas de la corrupci\u00f3n en las que parecen haberse ba\u00f1ado la mitad de [&hellip;]<!-- AddThis Advanced Settings generic via filter on get_the_excerpt --><!-- AddThis Share Buttons generic via filter on get_the_excerpt --><\/p>\n","protected":false},"author":9,"featured_media":0,"comment_status":"open","ping_status":"closed","sticky":false,"template":"","format":"standard","meta":[],"categories":[2],"tags":[],"_links":{"self":[{"href":"https:\/\/blogs.leonoticias.com\/vaevictis\/wp-json\/wp\/v2\/posts\/34"}],"collection":[{"href":"https:\/\/blogs.leonoticias.com\/vaevictis\/wp-json\/wp\/v2\/posts"}],"about":[{"href":"https:\/\/blogs.leonoticias.com\/vaevictis\/wp-json\/wp\/v2\/types\/post"}],"author":[{"embeddable":true,"href":"https:\/\/blogs.leonoticias.com\/vaevictis\/wp-json\/wp\/v2\/users\/9"}],"replies":[{"embeddable":true,"href":"https:\/\/blogs.leonoticias.com\/vaevictis\/wp-json\/wp\/v2\/comments?post=34"}],"version-history":[{"count":0,"href":"https:\/\/blogs.leonoticias.com\/vaevictis\/wp-json\/wp\/v2\/posts\/34\/revisions"}],"wp:attachment":[{"href":"https:\/\/blogs.leonoticias.com\/vaevictis\/wp-json\/wp\/v2\/media?parent=34"}],"wp:term":[{"taxonomy":"category","embeddable":true,"href":"https:\/\/blogs.leonoticias.com\/vaevictis\/wp-json\/wp\/v2\/categories?post=34"},{"taxonomy":"post_tag","embeddable":true,"href":"https:\/\/blogs.leonoticias.com\/vaevictis\/wp-json\/wp\/v2\/tags?post=34"}],"curies":[{"name":"wp","href":"https:\/\/api.w.org\/{rel}","templated":true}]}}